{"id":1320,"date":"2017-05-16T10:19:56","date_gmt":"2017-05-16T09:19:56","guid":{"rendered":"https:\/\/jh4all.de\/?p=1320"},"modified":"2017-05-17T14:12:50","modified_gmt":"2017-05-17T13:12:50","slug":"depot-heusenstamm-offen-wir-sind-dabei","status":"publish","type":"post","link":"https:\/\/jh4all.de\/?p=1320","title":{"rendered":"Depot Heusenstamm &#8211; offen &#8211; wir sind dabei"},"content":{"rendered":"<p>Hallo,<br \/>\nam<strong> 21.5.2017<\/strong> ist das Depot Heusenstamm (Frankfurt) zum internationalen Museumstag der \u00d6ffentlichkeit ge\u00f6ffnet.<\/p>\n<p>Wir sind dabei und machen die \u00dc-W\u00e4gen fit f\u00fcr den Besuchertag, sprich wir hauchen der alten Technik wieder etwas leben ein.<\/p>\n<p>Kommen Sie gerne vorbei.<\/p>\n<p>\n\t\t<style type=\"text\/css\">\n\t\t\t#gallery-1 {\n\t\t\t\tmargin: auto;\n\t\t\t}\n\t\t\t#gallery-1 .gallery-item {\n\t\t\t\tfloat: left;\n\t\t\t\tmargin-top: 10px;\n\t\t\t\ttext-align: center;\n\t\t\t\twidth: 50%;\n\t\t\t}\n\t\t\t#gallery-1 img {\n\t\t\t\tborder: 2px solid #cfcfcf;\n\t\t\t}\n\t\t\t#gallery-1 .gallery-caption {\n\t\t\t\tmargin-left: 0;\n\t\t\t}\n\t\t\t\/* see gallery_shortcode() in wp-includes\/media.php *\/\n\t\t<\/style>\n\t\t<div id='gallery-1' class='gallery galleryid-1320 gallery-columns-2 gallery-size-thumbnail'><dl class='gallery-item'>\n\t\t\t<dt class='gallery-icon landscape'>\n\t\t\t\t<a href='https:\/\/jh4all.de\/wp-content\/uploads\/2017\/05\/heusenstamm.mai_.2017-1.jpg'><img loading=\"lazy\" decoding=\"async\" width=\"150\" height=\"106\" src=\"https:\/\/jh4all.de\/wp-content\/uploads\/2017\/05\/heusenstamm.mai_.2017-1.jpg\" class=\"attachment-thumbnail size-thumbnail\" alt=\"\" \/><\/a>\n\t\t\t<\/dt><\/dl><dl class='gallery-item'>\n\t\t\t<dt class='gallery-icon landscape'>\n\t\t\t\t<a href='https:\/\/jh4all.de\/wp-content\/uploads\/2017\/05\/heusenstamm.mai_.2017-2.jpg'><img loading=\"lazy\" decoding=\"async\" width=\"150\" height=\"74\" src=\"https:\/\/jh4all.de\/wp-content\/uploads\/2017\/05\/heusenstamm.mai_.2017-2.jpg\" class=\"attachment-thumbnail size-thumbnail\" alt=\"\" \/><\/a>\n\t\t\t<\/dt><\/dl><br style=\"clear: both\" \/>\n\t\t<\/div>\n<br \/>\nR\u00fcckblick 2016:<\/p>\n\n\t\t<style type=\"text\/css\">\n\t\t\t#gallery-2 {\n\t\t\t\tmargin: auto;\n\t\t\t}\n\t\t\t#gallery-2 .gallery-item {\n\t\t\t\tfloat: left;\n\t\t\t\tmargin-top: 10px;\n\t\t\t\ttext-align: center;\n\t\t\t\twidth: 50%;\n\t\t\t}\n\t\t\t#gallery-2 img {\n\t\t\t\tborder: 2px solid #cfcfcf;\n\t\t\t}\n\t\t\t#gallery-2 .gallery-caption {\n\t\t\t\tmargin-left: 0;\n\t\t\t}\n\t\t\t\/* see gallery_shortcode() in wp-includes\/media.php *\/\n\t\t<\/style>\n\t\t<div id='gallery-2' class='gallery galleryid-1320 gallery-columns-2 gallery-size-thumbnail'><dl class='gallery-item'>\n\t\t\t<dt class='gallery-icon landscape'>\n\t\t\t\t<a href='https:\/\/jh4all.de\/wp-content\/uploads\/2016\/05\/heus0516-2-1024.jpg'><img loading=\"lazy\" decoding=\"async\" width=\"150\" height=\"150\" src=\"https:\/\/jh4all.de\/wp-content\/uploads\/2016\/05\/heus0516-2-1024-150x150.jpg\" class=\"attachment-thumbnail size-thumbnail\" alt=\"\" \/><\/a>\n\t\t\t<\/dt><\/dl><dl class='gallery-item'>\n\t\t\t<dt class='gallery-icon landscape'>\n\t\t\t\t<a href='https:\/\/jh4all.de\/wp-content\/uploads\/2016\/05\/heus0516-3-1024.jpg'><img loading=\"lazy\" decoding=\"async\" width=\"150\" height=\"150\" src=\"https:\/\/jh4all.de\/wp-content\/uploads\/2016\/05\/heus0516-3-1024-150x150.jpg\" class=\"attachment-thumbnail size-thumbnail\" alt=\"\" \/><\/a>\n\t\t\t<\/dt><\/dl><br style=\"clear: both\" \/>\n\t\t<\/div>\n\n","protected":false},"excerpt":{"rendered":"<p>Hallo, am 21.5.2017 ist das Depot Heusenstamm (Frankfurt) zum internationalen Museumstag der \u00d6ffentlichkeit ge\u00f6ffnet. Wir sind dabei und machen die \u00dc-W\u00e4gen fit f\u00fcr den Besuchertag, sprich wir hauchen der alten Technik wieder etwas leben ein. Kommen Sie gerne vorbei. R\u00fcckblick 2016:<\/p>\n","protected":false},"author":1,"featured_media":0,"comment_status":"open","ping_status":"open","sticky":false,"template":"","format":"standard","meta":{"footnotes":""},"categories":[150],"tags":[479,480,440],"class_list":["post-1320","post","type-post","status-publish","format-standard","hentry","category-profbroadsons","tag-depot-heusenstamm","tag-internationalen-museumstag","tag-u-wagen"],"_links":{"self":[{"href":"https:\/\/jh4all.de\/index.php?rest_route=\/wp\/v2\/posts\/1320","targetHints":{"allow":["GET"]}}],"collection":[{"href":"https:\/\/jh4all.de\/index.php?rest_route=\/wp\/v2\/posts"}],"about":[{"href":"https:\/\/jh4all.de\/index.php?rest_route=\/wp\/v2\/types\/post"}],"author":[{"embeddable":true,"href":"https:\/\/jh4all.de\/index.php?rest_route=\/wp\/v2\/users\/1"}],"replies":[{"embeddable":true,"href":"https:\/\/jh4all.de\/index.php?rest_route=%2Fwp%2Fv2%2Fcomments&post=1320"}],"version-history":[{"count":4,"href":"https:\/\/jh4all.de\/index.php?rest_route=\/wp\/v2\/posts\/1320\/revisions"}],"predecessor-version":[{"id":1326,"href":"https:\/\/jh4all.de\/index.php?rest_route=\/wp\/v2\/posts\/1320\/revisions\/1326"}],"wp:attachment":[{"href":"https:\/\/jh4all.de\/index.php?rest_route=%2Fwp%2Fv2%2Fmedia&parent=1320"}],"wp:term":[{"taxonomy":"category","embeddable":true,"href":"https:\/\/jh4all.de\/index.php?rest_route=%2Fwp%2Fv2%2Fcategories&post=1320"},{"taxonomy":"post_tag","embeddable":true,"href":"https:\/\/jh4all.de\/index.php?rest_route=%2Fwp%2Fv2%2Ftags&post=1320"}],"curies":[{"name":"wp","href":"https:\/\/api.w.org\/{rel}","templated":true}]}}