{"id":1965,"date":"2022-04-21T09:19:49","date_gmt":"2022-04-21T08:19:49","guid":{"rendered":"https:\/\/jh4all.de\/?p=1965"},"modified":"2022-04-21T09:19:49","modified_gmt":"2022-04-21T08:19:49","slug":"filmtv-kamera-will-keine-kunden-mehr","status":"publish","type":"post","link":"https:\/\/jh4all.de\/?p=1965","title":{"rendered":"Film&#038;TV Kamera will keine Kunden mehr"},"content":{"rendered":"\n<p>Hallo,<br>da wundert man sich beim Blick auf die aktuelle Rechnung. Der Verlag will von mir \u00fcber das doppelte f\u00fcr das Jahresabo der Zeitschrift Film &amp; TV Kamera.<\/p>\n\n\n\n<p>Mir wurde als Transferkunde von der damaligen Zeitschrift Professional Production (ich war dort schon ewig Abonnement) ein dauerhafter Sonderpreis einger\u00e4umt. <\/p>\n\n\n\n<figure class=\"wp-block-image size-full\"><a href=\"https:\/\/jh4all.de\/wp-content\/uploads\/2022\/04\/abo-filmtvkamera.jpg\"><img loading=\"lazy\" decoding=\"async\" width=\"1024\" height=\"768\" src=\"https:\/\/jh4all.de\/wp-content\/uploads\/2022\/04\/abo-filmtvkamera.jpg\" alt=\"\" class=\"wp-image-1966\" srcset=\"https:\/\/jh4all.de\/wp-content\/uploads\/2022\/04\/abo-filmtvkamera.jpg 1024w, https:\/\/jh4all.de\/wp-content\/uploads\/2022\/04\/abo-filmtvkamera-300x225.jpg 300w, https:\/\/jh4all.de\/wp-content\/uploads\/2022\/04\/abo-filmtvkamera-768x576.jpg 768w, https:\/\/jh4all.de\/wp-content\/uploads\/2022\/04\/abo-filmtvkamera-624x468.jpg 624w\" sizes=\"auto, (max-width: 1024px) 100vw, 1024px\" \/><\/a><\/figure>\n\n\n\n<p>Naja dauerhaft wohl dann doch nicht, da wollte die Redaktion wohl doch lieber fette Kasse machen. Leider aber nicht mit mir. Ich habe sofort gek\u00fcndigt. Sowas d\u00e4mliches lasse ich mir nicht gefallen.<\/p>\n\n\n\n<p>Eine Preiserh\u00f6hung ohne Ank\u00fcndigung? D\u00e4mlich.<br>So st\u00f6\u00dft man die langj\u00e4hrige Kundschaft ordentlich vor den Kopf.<\/p>\n\n\n\n<p>Sorry. So nicht!<br><\/p>\n","protected":false},"excerpt":{"rendered":"<p>Hallo,da wundert man sich beim Blick auf die aktuelle Rechnung. Der Verlag will von mir \u00fcber das doppelte f\u00fcr das Jahresabo der Zeitschrift Film &amp; TV Kamera. Mir wurde als Transferkunde von der damaligen Zeitschrift Professional Production (ich war dort schon ewig Abonnement) ein dauerhafter Sonderpreis einger\u00e4umt. Naja dauerhaft wohl dann doch nicht, da wollte [&hellip;]<\/p>\n","protected":false},"author":1,"featured_media":0,"comment_status":"open","ping_status":"open","sticky":false,"template":"","format":"standard","meta":{"footnotes":""},"categories":[5],"tags":[675,674],"class_list":["post-1965","post","type-post","status-publish","format-standard","hentry","category-profbroadcam","tag-abo","tag-filmtv-kamera"],"_links":{"self":[{"href":"https:\/\/jh4all.de\/index.php?rest_route=\/wp\/v2\/posts\/1965","targetHints":{"allow":["GET"]}}],"collection":[{"href":"https:\/\/jh4all.de\/index.php?rest_route=\/wp\/v2\/posts"}],"about":[{"href":"https:\/\/jh4all.de\/index.php?rest_route=\/wp\/v2\/types\/post"}],"author":[{"embeddable":true,"href":"https:\/\/jh4all.de\/index.php?rest_route=\/wp\/v2\/users\/1"}],"replies":[{"embeddable":true,"href":"https:\/\/jh4all.de\/index.php?rest_route=%2Fwp%2Fv2%2Fcomments&post=1965"}],"version-history":[{"count":1,"href":"https:\/\/jh4all.de\/index.php?rest_route=\/wp\/v2\/posts\/1965\/revisions"}],"predecessor-version":[{"id":1967,"href":"https:\/\/jh4all.de\/index.php?rest_route=\/wp\/v2\/posts\/1965\/revisions\/1967"}],"wp:attachment":[{"href":"https:\/\/jh4all.de\/index.php?rest_route=%2Fwp%2Fv2%2Fmedia&parent=1965"}],"wp:term":[{"taxonomy":"category","embeddable":true,"href":"https:\/\/jh4all.de\/index.php?rest_route=%2Fwp%2Fv2%2Fcategories&post=1965"},{"taxonomy":"post_tag","embeddable":true,"href":"https:\/\/jh4all.de\/index.php?rest_route=%2Fwp%2Fv2%2Ftags&post=1965"}],"curies":[{"name":"wp","href":"https:\/\/api.w.org\/{rel}","templated":true}]}}